{"id":744,"date":"2024-05-21T15:23:51","date_gmt":"2024-05-21T18:23:51","guid":{"rendered":"https:\/\/validasite.com.br\/fncc\/?p=744"},"modified":"2024-05-21T15:23:52","modified_gmt":"2024-05-21T18:23:52","slug":"fncc-recebe-mocao-de-louvor-na-camara-de-resende-rj","status":"publish","type":"post","link":"https:\/\/validasite.com.br\/fncc\/2024\/05\/21\/fncc-recebe-mocao-de-louvor-na-camara-de-resende-rj\/","title":{"rendered":"FNCC Recebe Mo\u00e7\u00e3o de Louvor na C\u00e2mara de Resende\/RJ"},"content":{"rendered":"\n<p>a FNCC esteve na C\u00e2mara de Resende, no Rio de Janeiro, para receber a Mo\u00e7\u00e3o de Louvor, um reconhecimento dedicado a todos os profissionais volunt\u00e1rios da unidade. Este honroso pr\u00eamio destaca o significativo trabalho realizado na cidade em prol dos pacientes oncol\u00f3gicos.<\/p>\n\n\n\n<p>O evento contou com a presen\u00e7a do vereador F\u00e1bio Lucas, que tem sido um firme apoiador da causa, lutando pela garantia dos direitos oncol\u00f3gicos e apoiando diversas a\u00e7\u00f5es institucionais da FNCC. Sua contribui\u00e7\u00e3o tem sido vital para o sucesso das nossas iniciativas.<\/p>\n\n\n\n<p>A FNCC expressa profunda gratid\u00e3o a todos os volunt\u00e1rios, cujo amor, empatia e solidariedade s\u00e3o essenciais para o nosso trabalho. \u00c9 gra\u00e7as a esses dedicados profissionais que conseguimos beneficiar aqueles que mais necessitam de apoio.<\/p>\n\n\n\n<p>Juntos, somando for\u00e7as, Vencemos!<\/p>\n\n\n\n<figure class=\"wp-block-gallery has-nested-images columns-default is-cropped wp-block-gallery-1 is-layout-flex wp-block-gallery-is-layout-flex\">\n<figure class=\"wp-block-image size-large\"><img loading=\"lazy\" decoding=\"async\" width=\"1024\" height=\"768\" data-id=\"747\" src=\"https:\/\/validasite.com.br\/fncc\/wp-content\/uploads\/2024\/05\/Imagem-do-WhatsApp-de-2024-05-21-as-15.20.09_27c905e0-1024x768.jpg\" alt=\"\" class=\"wp-image-747\" srcset=\"https:\/\/validasite.com.br\/fncc\/wp-content\/uploads\/2024\/05\/Imagem-do-WhatsApp-de-2024-05-21-as-15.20.09_27c905e0-1024x768.jpg 1024w, https:\/\/validasite.com.br\/fncc\/wp-content\/uploads\/2024\/05\/Imagem-do-WhatsApp-de-2024-05-21-as-15.20.09_27c905e0-300x225.jpg 300w, https:\/\/validasite.com.br\/fncc\/wp-content\/uploads\/2024\/05\/Imagem-do-WhatsApp-de-2024-05-21-as-15.20.09_27c905e0-768x576.jpg 768w, https:\/\/validasite.com.br\/fncc\/wp-content\/uploads\/2024\/05\/Imagem-do-WhatsApp-de-2024-05-21-as-15.20.09_27c905e0-1536x1152.jpg 1536w, https:\/\/validasite.com.br\/fncc\/wp-content\/uploads\/2024\/05\/Imagem-do-WhatsApp-de-2024-05-21-as-15.20.09_27c905e0-2048x1536.jpg 2048w, https:\/\/validasite.com.br\/fncc\/wp-content\/uploads\/2024\/05\/Imagem-do-WhatsApp-de-2024-05-21-as-15.20.09_27c905e0-600x450.jpg 600w\" sizes=\"auto, (max-width: 1024px) 100vw, 1024px\" \/><\/figure>\n\n\n\n<figure class=\"wp-block-image size-large\"><img loading=\"lazy\" decoding=\"async\" width=\"1024\" height=\"768\" data-id=\"748\" src=\"https:\/\/validasite.com.br\/fncc\/wp-content\/uploads\/2024\/05\/Imagem-do-WhatsApp-de-2024-05-21-as-15.20.10_4b04d17c-1024x768.jpg\" alt=\"\" class=\"wp-image-748\" srcset=\"https:\/\/validasite.com.br\/fncc\/wp-content\/uploads\/2024\/05\/Imagem-do-WhatsApp-de-2024-05-21-as-15.20.10_4b04d17c-1024x768.jpg 1024w, https:\/\/validasite.com.br\/fncc\/wp-content\/uploads\/2024\/05\/Imagem-do-WhatsApp-de-2024-05-21-as-15.20.10_4b04d17c-300x225.jpg 300w, https:\/\/validasite.com.br\/fncc\/wp-content\/uploads\/2024\/05\/Imagem-do-WhatsApp-de-2024-05-21-as-15.20.10_4b04d17c-768x576.jpg 768w, https:\/\/validasite.com.br\/fncc\/wp-content\/uploads\/2024\/05\/Imagem-do-WhatsApp-de-2024-05-21-as-15.20.10_4b04d17c-1536x1152.jpg 1536w, https:\/\/validasite.com.br\/fncc\/wp-content\/uploads\/2024\/05\/Imagem-do-WhatsApp-de-2024-05-21-as-15.20.10_4b04d17c-2048x1536.jpg 2048w, https:\/\/validasite.com.br\/fncc\/wp-content\/uploads\/2024\/05\/Imagem-do-WhatsApp-de-2024-05-21-as-15.20.10_4b04d17c-600x450.jpg 600w\" sizes=\"auto, (max-width: 1024px) 100vw, 1024px\" \/><\/figure>\n\n\n\n<figure class=\"wp-block-image size-large\"><img loading=\"lazy\" decoding=\"async\" width=\"1024\" height=\"768\" data-id=\"749\" src=\"https:\/\/validasite.com.br\/fncc\/wp-content\/uploads\/2024\/05\/Imagem-do-WhatsApp-de-2024-05-21-as-15.20.10_198c2883-1024x768.jpg\" alt=\"\" class=\"wp-image-749\" srcset=\"https:\/\/validasite.com.br\/fncc\/wp-content\/uploads\/2024\/05\/Imagem-do-WhatsApp-de-2024-05-21-as-15.20.10_198c2883-1024x768.jpg 1024w, https:\/\/validasite.com.br\/fncc\/wp-content\/uploads\/2024\/05\/Imagem-do-WhatsApp-de-2024-05-21-as-15.20.10_198c2883-300x225.jpg 300w, https:\/\/validasite.com.br\/fncc\/wp-content\/uploads\/2024\/05\/Imagem-do-WhatsApp-de-2024-05-21-as-15.20.10_198c2883-768x576.jpg 768w, https:\/\/validasite.com.br\/fncc\/wp-content\/uploads\/2024\/05\/Imagem-do-WhatsApp-de-2024-05-21-as-15.20.10_198c2883-1536x1152.jpg 1536w, https:\/\/validasite.com.br\/fncc\/wp-content\/uploads\/2024\/05\/Imagem-do-WhatsApp-de-2024-05-21-as-15.20.10_198c2883-2048x1536.jpg 2048w, https:\/\/validasite.com.br\/fncc\/wp-content\/uploads\/2024\/05\/Imagem-do-WhatsApp-de-2024-05-21-as-15.20.10_198c2883-600x450.jpg 600w\" sizes=\"auto, (max-width: 1024px) 100vw, 1024px\" \/><\/figure>\n\n\n\n<figure class=\"wp-block-image size-large\"><img loading=\"lazy\" decoding=\"async\" width=\"768\" height=\"1024\" data-id=\"750\" src=\"https:\/\/validasite.com.br\/fncc\/wp-content\/uploads\/2024\/05\/Imagem-do-WhatsApp-de-2024-05-21-as-15.20.10_ca824441-768x1024.jpg\" alt=\"\" class=\"wp-image-750\" srcset=\"https:\/\/validasite.com.br\/fncc\/wp-content\/uploads\/2024\/05\/Imagem-do-WhatsApp-de-2024-05-21-as-15.20.10_ca824441-768x1024.jpg 768w, https:\/\/validasite.com.br\/fncc\/wp-content\/uploads\/2024\/05\/Imagem-do-WhatsApp-de-2024-05-21-as-15.20.10_ca824441-225x300.jpg 225w, https:\/\/validasite.com.br\/fncc\/wp-content\/uploads\/2024\/05\/Imagem-do-WhatsApp-de-2024-05-21-as-15.20.10_ca824441-1152x1536.jpg 1152w, https:\/\/validasite.com.br\/fncc\/wp-content\/uploads\/2024\/05\/Imagem-do-WhatsApp-de-2024-05-21-as-15.20.10_ca824441-1536x2048.jpg 1536w, https:\/\/validasite.com.br\/fncc\/wp-content\/uploads\/2024\/05\/Imagem-do-WhatsApp-de-2024-05-21-as-15.20.10_ca824441-600x800.jpg 600w, https:\/\/validasite.com.br\/fncc\/wp-content\/uploads\/2024\/05\/Imagem-do-WhatsApp-de-2024-05-21-as-15.20.10_ca824441-scaled.jpg 1920w\" sizes=\"auto, (max-width: 768px) 100vw, 768px\" \/><\/figure>\n<\/figure>\n","protected":false},"excerpt":{"rendered":"<p>a FNCC esteve na C\u00e2mara de Resende, no Rio de Janeiro, para receber a Mo\u00e7\u00e3o de Louvor, um reconhecimento dedicado &#8230;<\/p>\n","protected":false},"author":17,"featured_media":0,"comment_status":"open","ping_status":"open","sticky":true,"template":"","format":"standard","meta":{"_acf_changed":false,"footnotes":""},"categories":[22],"tags":[],"class_list":["post-744","post","type-post","status-publish","format-standard","hentry","category-noticias"],"acf":[],"yoast_head":"<!-- This site is optimized with the Yoast SEO plugin v22.6 - https:\/\/yoast.com\/wordpress\/plugins\/seo\/ -->\n<title>FNCC Recebe Mo\u00e7\u00e3o de Louvor na C\u00e2mara de Resende\/RJ - FNCC - Frente Nacional de Combate ao C\u00e2ncer<\/title>\n<meta name=\"description\" content=\"a FNCC esteve na C\u00e2mara de Resende, no Rio de Janeiro, para receber a Mo\u00e7\u00e3o de Louvor, um reconhecimento dedicado a todos os profissionais volunt\u00e1rios da\" \/>\n<meta name=\"robots\" content=\"index, follow, max-snippet:-1, max-image-preview:large, max-video-preview:-1\" \/>\n<link rel=\"canonical\" href=\"https:\/\/validasite.com.br\/fncc\/2024\/05\/21\/fncc-recebe-mocao-de-louvor-na-camara-de-resende-rj\/\" \/>\n<meta property=\"og:locale\" content=\"pt_BR\" \/>\n<meta property=\"og:type\" content=\"article\" \/>\n<meta property=\"og:title\" content=\"FNCC Recebe Mo\u00e7\u00e3o de Louvor na C\u00e2mara de Resende\/RJ - FNCC - Frente Nacional de Combate ao C\u00e2ncer\" \/>\n<meta property=\"og:description\" content=\"a FNCC esteve na C\u00e2mara de Resende, no Rio de Janeiro, para receber a Mo\u00e7\u00e3o de Louvor, um reconhecimento dedicado a todos os profissionais volunt\u00e1rios da\" \/>\n<meta property=\"og:url\" content=\"https:\/\/validasite.com.br\/fncc\/2024\/05\/21\/fncc-recebe-mocao-de-louvor-na-camara-de-resende-rj\/\" \/>\n<meta property=\"og:site_name\" content=\"FNCC - Frente Nacional de Combate ao C\u00e2ncer\" \/>\n<meta property=\"article:publisher\" content=\"https:\/\/www.facebook.com\/FNCCFrenteNacional\" \/>\n<meta property=\"article:published_time\" content=\"2024-05-21T18:23:51+00:00\" \/>\n<meta property=\"article:modified_time\" content=\"2024-05-21T18:23:52+00:00\" \/>\n<meta property=\"og:image\" content=\"https:\/\/validasite.com.br\/fncc\/wp-content\/uploads\/2024\/05\/Imagem-do-WhatsApp-de-2024-05-21-as-15.20.09_27c905e0-1024x768.jpg\" \/>\n<meta name=\"author\" content=\"FNCC\" \/>\n<meta name=\"twitter:card\" content=\"summary_large_image\" \/>\n<meta name=\"twitter:label1\" content=\"Escrito por\" \/>\n\t<meta name=\"twitter:data1\" content=\"FNCC\" \/>\n\t<meta name=\"twitter:label2\" content=\"Est. tempo de leitura\" \/>\n\t<meta name=\"twitter:data2\" content=\"2 minutos\" \/>\n<script type=\"application\/ld+json\" class=\"yoast-schema-graph\">{\"@context\":\"https:\/\/schema.org\",\"@graph\":[{\"@type\":\"Article\",\"@id\":\"https:\/\/validasite.com.br\/fncc\/2024\/05\/21\/fncc-recebe-mocao-de-louvor-na-camara-de-resende-rj\/#article\",\"isPartOf\":{\"@id\":\"https:\/\/validasite.com.br\/fncc\/2024\/05\/21\/fncc-recebe-mocao-de-louvor-na-camara-de-resende-rj\/\"},\"author\":{\"name\":\"FNCC\",\"@id\":\"https:\/\/validasite.com.br\/fncc\/#\/schema\/person\/99e4715f96209d981902146dba7f668b\"},\"headline\":\"FNCC Recebe Mo\u00e7\u00e3o de Louvor na C\u00e2mara de Resende\/RJ\",\"datePublished\":\"2024-05-21T18:23:51+00:00\",\"dateModified\":\"2024-05-21T18:23:52+00:00\",\"mainEntityOfPage\":{\"@id\":\"https:\/\/validasite.com.br\/fncc\/2024\/05\/21\/fncc-recebe-mocao-de-louvor-na-camara-de-resende-rj\/\"},\"wordCount\":149,\"commentCount\":0,\"publisher\":{\"@id\":\"https:\/\/validasite.com.br\/fncc\/#organization\"},\"image\":{\"@id\":\"https:\/\/validasite.com.br\/fncc\/2024\/05\/21\/fncc-recebe-mocao-de-louvor-na-camara-de-resende-rj\/#primaryimage\"},\"thumbnailUrl\":\"https:\/\/validasite.com.br\/fncc\/wp-content\/uploads\/2024\/05\/Imagem-do-WhatsApp-de-2024-05-21-as-15.20.09_27c905e0-1024x768.jpg\",\"articleSection\":[\"Not\u00edcias\"],\"inLanguage\":\"pt-BR\",\"potentialAction\":[{\"@type\":\"CommentAction\",\"name\":\"Comment\",\"target\":[\"https:\/\/validasite.com.br\/fncc\/2024\/05\/21\/fncc-recebe-mocao-de-louvor-na-camara-de-resende-rj\/#respond\"]}]},{\"@type\":\"WebPage\",\"@id\":\"https:\/\/validasite.com.br\/fncc\/2024\/05\/21\/fncc-recebe-mocao-de-louvor-na-camara-de-resende-rj\/\",\"url\":\"https:\/\/validasite.com.br\/fncc\/2024\/05\/21\/fncc-recebe-mocao-de-louvor-na-camara-de-resende-rj\/\",\"name\":\"FNCC Recebe Mo\u00e7\u00e3o de Louvor na C\u00e2mara de Resende\/RJ - FNCC - Frente Nacional de Combate ao C\u00e2ncer\",\"isPartOf\":{\"@id\":\"https:\/\/validasite.com.br\/fncc\/#website\"},\"primaryImageOfPage\":{\"@id\":\"https:\/\/validasite.com.br\/fncc\/2024\/05\/21\/fncc-recebe-mocao-de-louvor-na-camara-de-resende-rj\/#primaryimage\"},\"image\":{\"@id\":\"https:\/\/validasite.com.br\/fncc\/2024\/05\/21\/fncc-recebe-mocao-de-louvor-na-camara-de-resende-rj\/#primaryimage\"},\"thumbnailUrl\":\"https:\/\/validasite.com.br\/fncc\/wp-content\/uploads\/2024\/05\/Imagem-do-WhatsApp-de-2024-05-21-as-15.20.09_27c905e0-1024x768.jpg\",\"datePublished\":\"2024-05-21T18:23:51+00:00\",\"dateModified\":\"2024-05-21T18:23:52+00:00\",\"description\":\"a FNCC esteve na C\u00e2mara de Resende, no Rio de Janeiro, para receber a Mo\u00e7\u00e3o de Louvor, um reconhecimento dedicado a todos os profissionais volunt\u00e1rios da\",\"breadcrumb\":{\"@id\":\"https:\/\/validasite.com.br\/fncc\/2024\/05\/21\/fncc-recebe-mocao-de-louvor-na-camara-de-resende-rj\/#breadcrumb\"},\"inLanguage\":\"pt-BR\",\"potentialAction\":[{\"@type\":\"ReadAction\",\"target\":[\"https:\/\/validasite.com.br\/fncc\/2024\/05\/21\/fncc-recebe-mocao-de-louvor-na-camara-de-resende-rj\/\"]}]},{\"@type\":\"ImageObject\",\"inLanguage\":\"pt-BR\",\"@id\":\"https:\/\/validasite.com.br\/fncc\/2024\/05\/21\/fncc-recebe-mocao-de-louvor-na-camara-de-resende-rj\/#primaryimage\",\"url\":\"https:\/\/validasite.com.br\/fncc\/wp-content\/uploads\/2024\/05\/Imagem-do-WhatsApp-de-2024-05-21-as-15.20.09_27c905e0-scaled.jpg\",\"contentUrl\":\"https:\/\/validasite.com.br\/fncc\/wp-content\/uploads\/2024\/05\/Imagem-do-WhatsApp-de-2024-05-21-as-15.20.09_27c905e0-scaled.jpg\",\"width\":2560,\"height\":1920},{\"@type\":\"BreadcrumbList\",\"@id\":\"https:\/\/validasite.com.br\/fncc\/2024\/05\/21\/fncc-recebe-mocao-de-louvor-na-camara-de-resende-rj\/#breadcrumb\",\"itemListElement\":[{\"@type\":\"ListItem\",\"position\":1,\"name\":\"In\u00edcio\",\"item\":\"https:\/\/validasite.com.br\/fncc\/\"},{\"@type\":\"ListItem\",\"position\":2,\"name\":\"FNCC Recebe Mo\u00e7\u00e3o de Louvor na C\u00e2mara de Resende\/RJ\"}]},{\"@type\":\"WebSite\",\"@id\":\"https:\/\/validasite.com.br\/fncc\/#website\",\"url\":\"https:\/\/validasite.com.br\/fncc\/\",\"name\":\"FNCC - Frente Nacional de Combate ao C\u00e2ncer\",\"description\":\"A FNCC \u00e9 uma institui\u00e7\u00e3o sem fins lucrativos premiada em todos as regi\u00f5es que opera no Brasil. Conhe\u00e7a um pouco sobre este importante trabalho e entre voc\u00ea tamb\u00e9m na luta contra o c\u00e2ncer. Apoie esta causa.\",\"publisher\":{\"@id\":\"https:\/\/validasite.com.br\/fncc\/#organization\"},\"alternateName\":\"FNCC\",\"potentialAction\":[{\"@type\":\"SearchAction\",\"target\":{\"@type\":\"EntryPoint\",\"urlTemplate\":\"https:\/\/validasite.com.br\/fncc\/?s={search_term_string}\"},\"query-input\":\"required name=search_term_string\"}],\"inLanguage\":\"pt-BR\"},{\"@type\":\"Organization\",\"@id\":\"https:\/\/validasite.com.br\/fncc\/#organization\",\"name\":\"FNCC\",\"alternateName\":\"Frente Nacional de Combate ao C\u00e2ncer\",\"url\":\"https:\/\/validasite.com.br\/fncc\/\",\"logo\":{\"@type\":\"ImageObject\",\"inLanguage\":\"pt-BR\",\"@id\":\"https:\/\/validasite.com.br\/fncc\/#\/schema\/logo\/image\/\",\"url\":\"https:\/\/validasite.com.br\/fncc\/wp-content\/uploads\/2024\/05\/screenshot-4.png\",\"contentUrl\":\"https:\/\/validasite.com.br\/fncc\/wp-content\/uploads\/2024\/05\/screenshot-4.png\",\"width\":1500,\"height\":1500,\"caption\":\"FNCC\"},\"image\":{\"@id\":\"https:\/\/validasite.com.br\/fncc\/#\/schema\/logo\/image\/\"},\"sameAs\":[\"https:\/\/www.facebook.com\/FNCCFrenteNacional\",\"https:\/\/www.instagram.com\/fnccnacional\/\"]},{\"@type\":\"Person\",\"@id\":\"https:\/\/validasite.com.br\/fncc\/#\/schema\/person\/99e4715f96209d981902146dba7f668b\",\"name\":\"FNCC\",\"image\":{\"@type\":\"ImageObject\",\"inLanguage\":\"pt-BR\",\"@id\":\"https:\/\/validasite.com.br\/fncc\/#\/schema\/person\/image\/\",\"url\":\"https:\/\/secure.gravatar.com\/avatar\/2c801e06a88c796c59d2837b33feea687e85004238ac000a656ba878ac8858d1?s=96&d=mm&r=g\",\"contentUrl\":\"https:\/\/secure.gravatar.com\/avatar\/2c801e06a88c796c59d2837b33feea687e85004238ac000a656ba878ac8858d1?s=96&d=mm&r=g\",\"caption\":\"FNCC\"},\"url\":\"https:\/\/validasite.com.br\/fncc\/author\/fncc\/\"}]}<\/script>\n<!-- \/ Yoast SEO plugin. -->","yoast_head_json":{"title":"FNCC Recebe Mo\u00e7\u00e3o de Louvor na C\u00e2mara de Resende\/RJ - FNCC - Frente Nacional de Combate ao C\u00e2ncer","description":"a FNCC esteve na C\u00e2mara de Resende, no Rio de Janeiro, para receber a Mo\u00e7\u00e3o de Louvor, um reconhecimento dedicado a todos os profissionais volunt\u00e1rios da","robots":{"index":"index","follow":"follow","max-snippet":"max-snippet:-1","max-image-preview":"max-image-preview:large","max-video-preview":"max-video-preview:-1"},"canonical":"https:\/\/validasite.com.br\/fncc\/2024\/05\/21\/fncc-recebe-mocao-de-louvor-na-camara-de-resende-rj\/","og_locale":"pt_BR","og_type":"article","og_title":"FNCC Recebe Mo\u00e7\u00e3o de Louvor na C\u00e2mara de Resende\/RJ - FNCC - Frente Nacional de Combate ao C\u00e2ncer","og_description":"a FNCC esteve na C\u00e2mara de Resende, no Rio de Janeiro, para receber a Mo\u00e7\u00e3o de Louvor, um reconhecimento dedicado a todos os profissionais volunt\u00e1rios da","og_url":"https:\/\/validasite.com.br\/fncc\/2024\/05\/21\/fncc-recebe-mocao-de-louvor-na-camara-de-resende-rj\/","og_site_name":"FNCC - Frente Nacional de Combate ao C\u00e2ncer","article_publisher":"https:\/\/www.facebook.com\/FNCCFrenteNacional","article_published_time":"2024-05-21T18:23:51+00:00","article_modified_time":"2024-05-21T18:23:52+00:00","og_image":[{"url":"https:\/\/validasite.com.br\/fncc\/wp-content\/uploads\/2024\/05\/Imagem-do-WhatsApp-de-2024-05-21-as-15.20.09_27c905e0-1024x768.jpg"}],"author":"FNCC","twitter_card":"summary_large_image","twitter_misc":{"Escrito por":"FNCC","Est. tempo de leitura":"2 minutos"},"schema":{"@context":"https:\/\/schema.org","@graph":[{"@type":"Article","@id":"https:\/\/validasite.com.br\/fncc\/2024\/05\/21\/fncc-recebe-mocao-de-louvor-na-camara-de-resende-rj\/#article","isPartOf":{"@id":"https:\/\/validasite.com.br\/fncc\/2024\/05\/21\/fncc-recebe-mocao-de-louvor-na-camara-de-resende-rj\/"},"author":{"name":"FNCC","@id":"https:\/\/validasite.com.br\/fncc\/#\/schema\/person\/99e4715f96209d981902146dba7f668b"},"headline":"FNCC Recebe Mo\u00e7\u00e3o de Louvor na C\u00e2mara de Resende\/RJ","datePublished":"2024-05-21T18:23:51+00:00","dateModified":"2024-05-21T18:23:52+00:00","mainEntityOfPage":{"@id":"https:\/\/validasite.com.br\/fncc\/2024\/05\/21\/fncc-recebe-mocao-de-louvor-na-camara-de-resende-rj\/"},"wordCount":149,"commentCount":0,"publisher":{"@id":"https:\/\/validasite.com.br\/fncc\/#organization"},"image":{"@id":"https:\/\/validasite.com.br\/fncc\/2024\/05\/21\/fncc-recebe-mocao-de-louvor-na-camara-de-resende-rj\/#primaryimage"},"thumbnailUrl":"https:\/\/validasite.com.br\/fncc\/wp-content\/uploads\/2024\/05\/Imagem-do-WhatsApp-de-2024-05-21-as-15.20.09_27c905e0-1024x768.jpg","articleSection":["Not\u00edcias"],"inLanguage":"pt-BR","potentialAction":[{"@type":"CommentAction","name":"Comment","target":["https:\/\/validasite.com.br\/fncc\/2024\/05\/21\/fncc-recebe-mocao-de-louvor-na-camara-de-resende-rj\/#respond"]}]},{"@type":"WebPage","@id":"https:\/\/validasite.com.br\/fncc\/2024\/05\/21\/fncc-recebe-mocao-de-louvor-na-camara-de-resende-rj\/","url":"https:\/\/validasite.com.br\/fncc\/2024\/05\/21\/fncc-recebe-mocao-de-louvor-na-camara-de-resende-rj\/","name":"FNCC Recebe Mo\u00e7\u00e3o de Louvor na C\u00e2mara de Resende\/RJ - FNCC - Frente Nacional de Combate ao C\u00e2ncer","isPartOf":{"@id":"https:\/\/validasite.com.br\/fncc\/#website"},"primaryImageOfPage":{"@id":"https:\/\/validasite.com.br\/fncc\/2024\/05\/21\/fncc-recebe-mocao-de-louvor-na-camara-de-resende-rj\/#primaryimage"},"image":{"@id":"https:\/\/validasite.com.br\/fncc\/2024\/05\/21\/fncc-recebe-mocao-de-louvor-na-camara-de-resende-rj\/#primaryimage"},"thumbnailUrl":"https:\/\/validasite.com.br\/fncc\/wp-content\/uploads\/2024\/05\/Imagem-do-WhatsApp-de-2024-05-21-as-15.20.09_27c905e0-1024x768.jpg","datePublished":"2024-05-21T18:23:51+00:00","dateModified":"2024-05-21T18:23:52+00:00","description":"a FNCC esteve na C\u00e2mara de Resende, no Rio de Janeiro, para receber a Mo\u00e7\u00e3o de Louvor, um reconhecimento dedicado a todos os profissionais volunt\u00e1rios da","breadcrumb":{"@id":"https:\/\/validasite.com.br\/fncc\/2024\/05\/21\/fncc-recebe-mocao-de-louvor-na-camara-de-resende-rj\/#breadcrumb"},"inLanguage":"pt-BR","potentialAction":[{"@type":"ReadAction","target":["https:\/\/validasite.com.br\/fncc\/2024\/05\/21\/fncc-recebe-mocao-de-louvor-na-camara-de-resende-rj\/"]}]},{"@type":"ImageObject","inLanguage":"pt-BR","@id":"https:\/\/validasite.com.br\/fncc\/2024\/05\/21\/fncc-recebe-mocao-de-louvor-na-camara-de-resende-rj\/#primaryimage","url":"https:\/\/validasite.com.br\/fncc\/wp-content\/uploads\/2024\/05\/Imagem-do-WhatsApp-de-2024-05-21-as-15.20.09_27c905e0-scaled.jpg","contentUrl":"https:\/\/validasite.com.br\/fncc\/wp-content\/uploads\/2024\/05\/Imagem-do-WhatsApp-de-2024-05-21-as-15.20.09_27c905e0-scaled.jpg","width":2560,"height":1920},{"@type":"BreadcrumbList","@id":"https:\/\/validasite.com.br\/fncc\/2024\/05\/21\/fncc-recebe-mocao-de-louvor-na-camara-de-resende-rj\/#breadcrumb","itemListElement":[{"@type":"ListItem","position":1,"name":"In\u00edcio","item":"https:\/\/validasite.com.br\/fncc\/"},{"@type":"ListItem","position":2,"name":"FNCC Recebe Mo\u00e7\u00e3o de Louvor na C\u00e2mara de Resende\/RJ"}]},{"@type":"WebSite","@id":"https:\/\/validasite.com.br\/fncc\/#website","url":"https:\/\/validasite.com.br\/fncc\/","name":"FNCC - Frente Nacional de Combate ao C\u00e2ncer","description":"A FNCC \u00e9 uma institui\u00e7\u00e3o sem fins lucrativos premiada em todos as regi\u00f5es que opera no Brasil. Conhe\u00e7a um pouco sobre este importante trabalho e entre voc\u00ea tamb\u00e9m na luta contra o c\u00e2ncer. Apoie esta causa.","publisher":{"@id":"https:\/\/validasite.com.br\/fncc\/#organization"},"alternateName":"FNCC","potentialAction":[{"@type":"SearchAction","target":{"@type":"EntryPoint","urlTemplate":"https:\/\/validasite.com.br\/fncc\/?s={search_term_string}"},"query-input":"required name=search_term_string"}],"inLanguage":"pt-BR"},{"@type":"Organization","@id":"https:\/\/validasite.com.br\/fncc\/#organization","name":"FNCC","alternateName":"Frente Nacional de Combate ao C\u00e2ncer","url":"https:\/\/validasite.com.br\/fncc\/","logo":{"@type":"ImageObject","inLanguage":"pt-BR","@id":"https:\/\/validasite.com.br\/fncc\/#\/schema\/logo\/image\/","url":"https:\/\/validasite.com.br\/fncc\/wp-content\/uploads\/2024\/05\/screenshot-4.png","contentUrl":"https:\/\/validasite.com.br\/fncc\/wp-content\/uploads\/2024\/05\/screenshot-4.png","width":1500,"height":1500,"caption":"FNCC"},"image":{"@id":"https:\/\/validasite.com.br\/fncc\/#\/schema\/logo\/image\/"},"sameAs":["https:\/\/www.facebook.com\/FNCCFrenteNacional","https:\/\/www.instagram.com\/fnccnacional\/"]},{"@type":"Person","@id":"https:\/\/validasite.com.br\/fncc\/#\/schema\/person\/99e4715f96209d981902146dba7f668b","name":"FNCC","image":{"@type":"ImageObject","inLanguage":"pt-BR","@id":"https:\/\/validasite.com.br\/fncc\/#\/schema\/person\/image\/","url":"https:\/\/secure.gravatar.com\/avatar\/2c801e06a88c796c59d2837b33feea687e85004238ac000a656ba878ac8858d1?s=96&d=mm&r=g","contentUrl":"https:\/\/secure.gravatar.com\/avatar\/2c801e06a88c796c59d2837b33feea687e85004238ac000a656ba878ac8858d1?s=96&d=mm&r=g","caption":"FNCC"},"url":"https:\/\/validasite.com.br\/fncc\/author\/fncc\/"}]}},"_links":{"self":[{"href":"https:\/\/validasite.com.br\/fncc\/wp-json\/wp\/v2\/posts\/744","targetHints":{"allow":["GET"]}}],"collection":[{"href":"https:\/\/validasite.com.br\/fncc\/wp-json\/wp\/v2\/posts"}],"about":[{"href":"https:\/\/validasite.com.br\/fncc\/wp-json\/wp\/v2\/types\/post"}],"author":[{"embeddable":true,"href":"https:\/\/validasite.com.br\/fncc\/wp-json\/wp\/v2\/users\/17"}],"replies":[{"embeddable":true,"href":"https:\/\/validasite.com.br\/fncc\/wp-json\/wp\/v2\/comments?post=744"}],"version-history":[{"count":2,"href":"https:\/\/validasite.com.br\/fncc\/wp-json\/wp\/v2\/posts\/744\/revisions"}],"predecessor-version":[{"id":752,"href":"https:\/\/validasite.com.br\/fncc\/wp-json\/wp\/v2\/posts\/744\/revisions\/752"}],"wp:attachment":[{"href":"https:\/\/validasite.com.br\/fncc\/wp-json\/wp\/v2\/media?parent=744"}],"wp:term":[{"taxonomy":"category","embeddable":true,"href":"https:\/\/validasite.com.br\/fncc\/wp-json\/wp\/v2\/categories?post=744"},{"taxonomy":"post_tag","embeddable":true,"href":"https:\/\/validasite.com.br\/fncc\/wp-json\/wp\/v2\/tags?post=744"}],"curies":[{"name":"wp","href":"https:\/\/api.w.org\/{rel}","templated":true}]}}